{"id":2138,"date":"2025-02-19T16:39:59","date_gmt":"2025-02-19T16:39:59","guid":{"rendered":"https:\/\/malisprojekte.web.th-koeln.de\/wordpress\/?p=2138"},"modified":"2025-02-19T16:39:59","modified_gmt":"2025-02-19T16:39:59","slug":"digitalisierung-historischer-fotozeitschriften-projektmanagement-und-strukturierung","status":"publish","type":"post","link":"https:\/\/malisprojekte.web.th-koeln.de\/wordpress\/digitalisierung-historischer-fotozeitschriften-projektmanagement-und-strukturierung\/","title":{"rendered":"Digitalisierung historischer Fotozeitschriften: Projektmanagement und Strukturierung"},"content":{"rendered":"<p><strong>von Carlos Berbil Ceballos<\/strong><\/p>\n<figure id=\"attachment_2139\" aria-describedby=\"caption-attachment-2139\" style=\"width: 663px\" class=\"wp-caption alignnone\"><a href=\"https:\/\/malisprojekte.web.th-koeln.de\/wordpress\/wp-content\/uploads\/2025\/02\/berbil-ceballos_bild.png\"><img loading=\"lazy\" decoding=\"async\" class=\"wp-image-2139\" src=\"https:\/\/malisprojekte.web.th-koeln.de\/wordpress\/wp-content\/uploads\/2025\/02\/berbil-ceballos_bild-273x300.png\" alt=\"\" width=\"663\" height=\"729\" srcset=\"https:\/\/malisprojekte.web.th-koeln.de\/wordpress\/wp-content\/uploads\/2025\/02\/berbil-ceballos_bild-273x300.png 273w, https:\/\/malisprojekte.web.th-koeln.de\/wordpress\/wp-content\/uploads\/2025\/02\/berbil-ceballos_bild-932x1024.png 932w, https:\/\/malisprojekte.web.th-koeln.de\/wordpress\/wp-content\/uploads\/2025\/02\/berbil-ceballos_bild-768x844.png 768w, https:\/\/malisprojekte.web.th-koeln.de\/wordpress\/wp-content\/uploads\/2025\/02\/berbil-ceballos_bild-1397x1536.png 1397w, https:\/\/malisprojekte.web.th-koeln.de\/wordpress\/wp-content\/uploads\/2025\/02\/berbil-ceballos_bild-1863x2048.png 1863w, https:\/\/malisprojekte.web.th-koeln.de\/wordpress\/wp-content\/uploads\/2025\/02\/berbil-ceballos_bild.png 1874w\" sizes=\"auto, (max-width: 663px) 100vw, 663px\" \/><\/a><figcaption id=\"caption-attachment-2139\" class=\"wp-caption-text\">Abbildung 1: Auszug aus dem Prozessdiagramm des geplanten Ablaufes des Fotozeitschriftenprojektes (Quelle: Carlos Berbil Ceballos | Mermaid-Sequenzdiagramm: <a href=\"https:\/\/mermaid.js.org\/syntax\/sequenceDiagram.html\">https:\/\/mermaid.js.org\/syntax\/sequenceDiagram.html<\/a>)<\/figcaption><\/figure>\n<p style=\"text-align: justify;\"><strong>Das DFG-Projekt \u201eDigitalisierung historischer Fotozeitschriften\u201c erfolgt in Kooperation zwischen der Universit\u00e4ts- und Stadtbibliothek K\u00f6ln (USB K\u00f6ln) und der Kunst- und Museumsbibliothek K\u00f6ln (KMB). Sechs Monate nach meiner Einstellung als Projektmanager habe ich die Gelegenheit gehabt, dieses Praxisprojekt als Reflexionsprozess meiner T\u00e4tigkeit durchzuf\u00fchren.<\/strong><\/p>\n<p><!--more--><\/p>\n<p style=\"text-align: justify;\">So war das Ziel dieses Praxisprojektes die Analyse, Optimierung und Planung des fortlaufenden Digitalisierungsprojektes. Daf\u00fcr habe ich mich auf vertraute, grundlegende Werkzeuge des Projektmanagements verlassen, und zwar Project Canvas, Gantt- und Prozessdiagramme.<\/p>\n<p style=\"text-align: justify;\">Es war beabsichtigt, nach der Planungsphase noch einige Optimierungsma\u00dfnahmen als Teil dieses Praxisprojektes umzusetzen. Im Laufe der Zeit habe ich allerdings bemerkt, dass der Umfang zu gro\u00df geworden w\u00e4re. Deswegen wurde der neue Abschlusspunkt die Besprechung der Analyse, Optimierungsvorschl\u00e4ge und Planung mit der Projektleitung und dem Rest des Teams des Kollektionsmanagements der USB K\u00f6ln.<\/p>\n<p style=\"text-align: justify;\">Nach dieser Korrektur ist das Projekt wie geplant abgelaufen und wurde ein sehr gutes Beispiel einer positiven Wechselwirkung zwischen Studium und Beruf. Die erstellten Diagramme haben eine tiefe Reflexion und Diskussion \u00fcber projektspezifische und projekt\u00fcbergreifende Abl\u00e4ufe erm\u00f6glicht. Sowohl die Projektleitung als auch die anderen Teammitglieder haben die N\u00fctzlichkeit der Diagramme wertgesch\u00e4tzt. In der Tat durfte ich die gewonnenen Erkenntnisse sofort anwenden, um eine Fristverl\u00e4ngerung des Fotozeitschriftenprojektes zu beantragen.<\/p>\n<p style=\"text-align: justify;\">Trotz der \u00fcberzeugenden Erfahrung mit dem Projekt bleibt es unklar, inwiefern die Ergebnisse angewendet werden k\u00f6nnen. Es gibt inmitten der Anforderungen des laufenden Betriebes leider kaum Zeit, um sogar einen Bruchteil dieses Reflexionsprozesses durchzuf\u00fchren. Die vorhandene Theorie sowie die Ergebnisse aus diesem Projekt schlagen allerdings vor, dass eine kurzfristige Investition in Definitions- und Planungsaufgaben einen positiven langfristigen Einfluss in den Steuerungs- und Abschlussphasen von Projekten hat.<\/p>\n<p>&nbsp;<\/p>\n<p>Projektzeitraum: Oktober 2024 \u2013 Januar 2025<br \/>\nProjektbetreuer*in: Claudia Piesche<br \/>\nKontakt: cberbilc@uni-koeln.de<\/p>\n","protected":false},"excerpt":{"rendered":"<p>von Carlos Berbil Ceballos Das DFG-Projekt \u201eDigitalisierung historischer Fotozeitschriften\u201c erfolgt in Kooperation zwischen der Universit\u00e4ts- und Stadtbibliothek K\u00f6ln (USB K\u00f6ln) und der Kunst- und Museumsbibliothek K\u00f6ln (KMB). Sechs Monate nach meiner Einstellung als Projektmanager habe ich die Gelegenheit gehabt, dieses Praxisprojekt als Reflexionsprozess meiner T\u00e4tigkeit durchzuf\u00fchren.<\/p>\n","protected":false},"author":4,"featured_media":0,"comment_status":"open","ping_status":"closed","sticky":false,"template":"","format":"standard","meta":{"footnotes":""},"categories":[1],"tags":[],"ppma_author":[73],"class_list":["post-2138","post","type-post","status-publish","format-standard","hentry","category-uncategorized"],"authors":[{"term_id":73,"user_id":4,"is_guest":0,"slug":"quintas","display_name":"Laura Quintas Fasulo","avatar_url":"https:\/\/secure.gravatar.com\/avatar\/e16cacbfb3c252cc209341aeefac085b8fb384e9719603a6ee89ebe82d4121d0?s=96&d=blank&r=g","0":null,"1":"","2":"","3":"","4":"","5":"","6":"","7":"","8":""}],"_links":{"self":[{"href":"https:\/\/malisprojekte.web.th-koeln.de\/wordpress\/wp-json\/wp\/v2\/posts\/2138","targetHints":{"allow":["GET"]}}],"collection":[{"href":"https:\/\/malisprojekte.web.th-koeln.de\/wordpress\/wp-json\/wp\/v2\/posts"}],"about":[{"href":"https:\/\/malisprojekte.web.th-koeln.de\/wordpress\/wp-json\/wp\/v2\/types\/post"}],"author":[{"embeddable":true,"href":"https:\/\/malisprojekte.web.th-koeln.de\/wordpress\/wp-json\/wp\/v2\/users\/4"}],"replies":[{"embeddable":true,"href":"https:\/\/malisprojekte.web.th-koeln.de\/wordpress\/wp-json\/wp\/v2\/comments?post=2138"}],"version-history":[{"count":1,"href":"https:\/\/malisprojekte.web.th-koeln.de\/wordpress\/wp-json\/wp\/v2\/posts\/2138\/revisions"}],"predecessor-version":[{"id":2140,"href":"https:\/\/malisprojekte.web.th-koeln.de\/wordpress\/wp-json\/wp\/v2\/posts\/2138\/revisions\/2140"}],"wp:attachment":[{"href":"https:\/\/malisprojekte.web.th-koeln.de\/wordpress\/wp-json\/wp\/v2\/media?parent=2138"}],"wp:term":[{"taxonomy":"category","embeddable":true,"href":"https:\/\/malisprojekte.web.th-koeln.de\/wordpress\/wp-json\/wp\/v2\/categories?post=2138"},{"taxonomy":"post_tag","embeddable":true,"href":"https:\/\/malisprojekte.web.th-koeln.de\/wordpress\/wp-json\/wp\/v2\/tags?post=2138"},{"taxonomy":"author","embeddable":true,"href":"https:\/\/malisprojekte.web.th-koeln.de\/wordpress\/wp-json\/wp\/v2\/ppma_author?post=2138"}],"curies":[{"name":"wp","href":"https:\/\/api.w.org\/{rel}","templated":true}]}}