{"id":2117,"date":"2025-02-05T18:35:21","date_gmt":"2025-02-05T18:35:21","guid":{"rendered":"https:\/\/malisprojekte.web.th-koeln.de\/wordpress\/?p=2117"},"modified":"2025-02-05T18:35:21","modified_gmt":"2025-02-05T18:35:21","slug":"anfertigung-eines-metadatenflussschaubilds-fuer-den-teilaspekt-metadaten-audiothek-im-rahmen-des-ard-pruefauftrag-archive","status":"publish","type":"post","link":"https:\/\/malisprojekte.web.th-koeln.de\/wordpress\/anfertigung-eines-metadatenflussschaubilds-fuer-den-teilaspekt-metadaten-audiothek-im-rahmen-des-ard-pruefauftrag-archive\/","title":{"rendered":"Anfertigung eines Metadatenflussschaubilds f\u00fcr den Teilaspekt Metadaten Audiothek im Rahmen des ARD-Pr\u00fcfauftrag Archive"},"content":{"rendered":"<p><strong>von Ruben Treiber<\/strong><\/p>\n<figure id=\"attachment_2118\" aria-describedby=\"caption-attachment-2118\" style=\"width: 660px\" class=\"wp-caption alignnone\"><a href=\"https:\/\/malisprojekte.web.th-koeln.de\/wordpress\/wp-content\/uploads\/2025\/01\/treiber_bild.jpg\"><img loading=\"lazy\" decoding=\"async\" class=\"wp-image-2118\" src=\"https:\/\/malisprojekte.web.th-koeln.de\/wordpress\/wp-content\/uploads\/2025\/01\/treiber_bild-300x300.jpg\" alt=\"\" width=\"660\" height=\"660\" srcset=\"https:\/\/malisprojekte.web.th-koeln.de\/wordpress\/wp-content\/uploads\/2025\/01\/treiber_bild-300x300.jpg 300w, https:\/\/malisprojekte.web.th-koeln.de\/wordpress\/wp-content\/uploads\/2025\/01\/treiber_bild-150x150.jpg 150w, https:\/\/malisprojekte.web.th-koeln.de\/wordpress\/wp-content\/uploads\/2025\/01\/treiber_bild.jpg 604w\" sizes=\"auto, (max-width: 660px) 100vw, 660px\" \/><\/a><figcaption id=\"caption-attachment-2118\" class=\"wp-caption-text\">Abbildung 1: Titelbild (Quelle: Generiert mit DALL-E)<\/figcaption><\/figure>\n<p style=\"text-align: justify;\"><strong>Die ARD und ihre Rundfunkarchive befinden sich in einem Transformationsprozess. Den derzeitigen Mehrfachstrukturen in der ARD wird durch eine Reihe von Harmonisierungsprozessen entgegengewirkt. Die Notwendigkeit der rundfunkanstalts\u00fcbergreifenden Optimierung betrifft ebenfalls die ARD-Rundfunkarchive.<\/strong><\/p>\n<p><!--more--><\/p>\n<p style=\"text-align: justify;\">Im Rahmen des \u201eARD-Pr\u00fcfauftrag Archive\u201c in der ersten Jahresh\u00e4lfte 2024 sollte der derzeitige Workflow der WDR-Audio-Retro-Onlinever\u00f6ffentlichungen von der Genese bis in die ARD-Audiothek analysiert und exemplarisch dargestellt werden. Da f\u00fcr Ver\u00f6ffentlichungen in der ARD-Audiothek ein vorgegebenes Metadatenger\u00fcst verlangt wird und die Daten vor der Publizierung verschiedene Systeme durchlaufen, kommt es immer wieder zu Br\u00fcchen im Datenfluss und notwendigen manuellen Nacharbeiten f\u00fcr die Ver\u00f6ffentlichung historischer Audiomaterialien f\u00fcr WDR-Audio-Retro.<\/p>\n<p style=\"text-align: justify;\">F\u00fcr die Schaubilderstellung wurde Expertise \u00fcber Audio-Onlinever\u00f6ffentlichungen aus verschiedenen Stellen in H\u00f6rfunk- und Audiobereichen des WDR zusammengetragen, um die Informationen f\u00fcr ein Metadatenflussschaubild zu synthetisieren. Das Schaubild versucht den Weg, den Audioessenzen und Metadaten \u201ezur\u00fccklegen\u201c sowie den Wandel, den sie durch verschiedene Systeme erfahren, \u00fcbersichtlich und eing\u00e4ngig darzustellen. Eine der Herausforderungen war es, innerhalb von kurzer Zeit die unterschiedlichen, archivfremden Systeme und Datenbanken inhaltlich zu durchdringen.<\/p>\n<p style=\"text-align: justify;\">Derzeit m\u00fcssen WDR-Retro-Audiover\u00f6ffentlichungen einen regelrechten Parcours durch verschiedene Systeme wie H\u00f6rfunkdatenbank, Audioarchivspeicher, Mediendatensystem, Bilddatenbank, Bildbearbeitung, Radio Content Managementsystem, Exportmodul und Content Management System f\u00fcr Onlineinhalte zur\u00fccklegen, um in der ARD-Audiothek publiziert zu werden. Das angefertigte Schaubild stellt dies eindeutig klar, r\u00fcckt die H\u00f6rfunkdatenbank in den Fokus und kann Grundlage f\u00fcr weitere ARD-\u00fcbergreifende Harmonisierungen im Onlineaudiobereich sein.<\/p>\n<p>&nbsp;<\/p>\n<p>Projektzeitraum: M\u00e4rz 2024 \u2013 Mai 2024<br \/>\nKontakt: ruben_heiner.treiber@smail.th-koeln.de<\/p>\n","protected":false},"excerpt":{"rendered":"<p>von Ruben Treiber Die ARD und ihre Rundfunkarchive befinden sich in einem Transformationsprozess. Den derzeitigen Mehrfachstrukturen in der ARD wird durch eine Reihe von Harmonisierungsprozessen entgegengewirkt. Die Notwendigkeit der rundfunkanstalts\u00fcbergreifenden Optimierung betrifft ebenfalls die ARD-Rundfunkarchive.<\/p>\n","protected":false},"author":4,"featured_media":0,"comment_status":"open","ping_status":"closed","sticky":false,"template":"","format":"standard","meta":{"footnotes":""},"categories":[1],"tags":[],"ppma_author":[73],"class_list":["post-2117","post","type-post","status-publish","format-standard","hentry","category-uncategorized"],"authors":[{"term_id":73,"user_id":4,"is_guest":0,"slug":"quintas","display_name":"Laura Quintas Fasulo","avatar_url":"https:\/\/secure.gravatar.com\/avatar\/e16cacbfb3c252cc209341aeefac085b8fb384e9719603a6ee89ebe82d4121d0?s=96&d=blank&r=g","0":null,"1":"","2":"","3":"","4":"","5":"","6":"","7":"","8":""}],"_links":{"self":[{"href":"https:\/\/malisprojekte.web.th-koeln.de\/wordpress\/wp-json\/wp\/v2\/posts\/2117","targetHints":{"allow":["GET"]}}],"collection":[{"href":"https:\/\/malisprojekte.web.th-koeln.de\/wordpress\/wp-json\/wp\/v2\/posts"}],"about":[{"href":"https:\/\/malisprojekte.web.th-koeln.de\/wordpress\/wp-json\/wp\/v2\/types\/post"}],"author":[{"embeddable":true,"href":"https:\/\/malisprojekte.web.th-koeln.de\/wordpress\/wp-json\/wp\/v2\/users\/4"}],"replies":[{"embeddable":true,"href":"https:\/\/malisprojekte.web.th-koeln.de\/wordpress\/wp-json\/wp\/v2\/comments?post=2117"}],"version-history":[{"count":2,"href":"https:\/\/malisprojekte.web.th-koeln.de\/wordpress\/wp-json\/wp\/v2\/posts\/2117\/revisions"}],"predecessor-version":[{"id":2120,"href":"https:\/\/malisprojekte.web.th-koeln.de\/wordpress\/wp-json\/wp\/v2\/posts\/2117\/revisions\/2120"}],"wp:attachment":[{"href":"https:\/\/malisprojekte.web.th-koeln.de\/wordpress\/wp-json\/wp\/v2\/media?parent=2117"}],"wp:term":[{"taxonomy":"category","embeddable":true,"href":"https:\/\/malisprojekte.web.th-koeln.de\/wordpress\/wp-json\/wp\/v2\/categories?post=2117"},{"taxonomy":"post_tag","embeddable":true,"href":"https:\/\/malisprojekte.web.th-koeln.de\/wordpress\/wp-json\/wp\/v2\/tags?post=2117"},{"taxonomy":"author","embeddable":true,"href":"https:\/\/malisprojekte.web.th-koeln.de\/wordpress\/wp-json\/wp\/v2\/ppma_author?post=2117"}],"curies":[{"name":"wp","href":"https:\/\/api.w.org\/{rel}","templated":true}]}}