{"id":2103,"date":"2025-01-15T07:22:34","date_gmt":"2025-01-15T07:22:34","guid":{"rendered":"https:\/\/malisprojekte.web.th-koeln.de\/wordpress\/?p=2103"},"modified":"2025-01-15T07:22:34","modified_gmt":"2025-01-15T07:22:34","slug":"vorstellung-der-special-services-der-bibliothek-der-medizinischen-fakultaet-mannheim-der-universitaet-heidelberg-anhand-eines-videoclips","status":"publish","type":"post","link":"https:\/\/malisprojekte.web.th-koeln.de\/wordpress\/vorstellung-der-special-services-der-bibliothek-der-medizinischen-fakultaet-mannheim-der-universitaet-heidelberg-anhand-eines-videoclips\/","title":{"rendered":"Vorstellung der Special Services der Bibliothek der Medizinischen Fakult\u00e4t Mannheim der Universit\u00e4t Heidelberg anhand eines Videoclips"},"content":{"rendered":"<p><strong>von Nina Grevener<\/strong><\/p>\n<figure id=\"attachment_2104\" aria-describedby=\"caption-attachment-2104\" style=\"width: 660px\" class=\"wp-caption alignnone\"><a href=\"https:\/\/malisprojekte.web.th-koeln.de\/wordpress\/wp-content\/uploads\/2025\/01\/grevener_bild1.jpg\"><img loading=\"lazy\" decoding=\"async\" class=\"wp-image-2104\" src=\"https:\/\/malisprojekte.web.th-koeln.de\/wordpress\/wp-content\/uploads\/2025\/01\/grevener_bild1-300x169.jpg\" alt=\"\" width=\"660\" height=\"371\" srcset=\"https:\/\/malisprojekte.web.th-koeln.de\/wordpress\/wp-content\/uploads\/2025\/01\/grevener_bild1-300x169.jpg 300w, https:\/\/malisprojekte.web.th-koeln.de\/wordpress\/wp-content\/uploads\/2025\/01\/grevener_bild1.jpg 592w\" sizes=\"auto, (max-width: 660px) 100vw, 660px\" \/><\/a><figcaption id=\"caption-attachment-2104\" class=\"wp-caption-text\">Abbildung 1: Screenshot aus dem Video \u201eBook a MEDMA Librarian\u201d (Quelle: Nina Grevener | Animaker)<\/figcaption><\/figure>\n<p style=\"text-align: justify;\"><strong>Bibliotheken haben viel mehr zu bieten als B\u00fccher! Leider ist dies Nutzenden und auch potentiellen Nutzenden oft nicht bewusst. Es mangelt an Sichtbarkeit f\u00fcr die Services. So auch an der Bibliothek der Medizinischen Fakult\u00e4t Mannheim der Universit\u00e4t Heidelberg. Die Special Services der Bibliothek \u201eAuftragsrecherche\u201c, \u201eBook a MEDMA Librarian\u201c und die \u201eHausbesuche\u201c bieten Forschenden und Studierenden eine umfangreiche Unterst\u00fctzung bei ihrer wissenschaftlichen und klinischen Arbeit. Und doch sind diese Services nicht allen potentiellen Bibliotheksnutzenden bekannt.<\/strong><\/p>\n<p><!--more--><\/p>\n<p style=\"text-align: justify;\">Um mehr Aufmerksamkeit auf diese Services zu lenken, wurde im Rahmen des MALIS-Projekts zu jedem der drei Themen ein kurzweiliges Erkl\u00e4r- und Werbevideo erstellt. Hierzu wurde f\u00fcr jeden Service ein m\u00f6gliches Problem fingert, bei dem dieser helfen kann. Zus\u00e4tzlich gibt es eine kurze Erkl\u00e4rung wie der Service funktioniert und einen Hinweis auf die Anmeldefunktion. Dies soll potentielle Bibliotheksnutzende \u00fcber die Services informieren und gleichzeitig animieren, diese auch in Anspruch zu nehmen.<\/p>\n<figure id=\"attachment_2105\" aria-describedby=\"caption-attachment-2105\" style=\"width: 660px\" class=\"wp-caption alignnone\"><a href=\"https:\/\/malisprojekte.web.th-koeln.de\/wordpress\/wp-content\/uploads\/2025\/01\/grevener_bild2.jpg\"><img loading=\"lazy\" decoding=\"async\" class=\"wp-image-2105\" src=\"https:\/\/malisprojekte.web.th-koeln.de\/wordpress\/wp-content\/uploads\/2025\/01\/grevener_bild2-300x169.jpg\" alt=\"\" width=\"660\" height=\"371\" srcset=\"https:\/\/malisprojekte.web.th-koeln.de\/wordpress\/wp-content\/uploads\/2025\/01\/grevener_bild2-300x169.jpg 300w, https:\/\/malisprojekte.web.th-koeln.de\/wordpress\/wp-content\/uploads\/2025\/01\/grevener_bild2.jpg 603w\" sizes=\"auto, (max-width: 660px) 100vw, 660px\" \/><\/a><figcaption id=\"caption-attachment-2105\" class=\"wp-caption-text\">Abbildung 2: Screenshot aus dem Video \u201eHausbesuche\u201d (Quelle: Nina Grevener | Animaker)<\/figcaption><\/figure>\n<p style=\"text-align: justify;\">Die Videos wurden \u00e4hnlich wie andere Erkl\u00e4rvideoformate \u2013 wie zum Beispiel \u201eDinge Erkl\u00e4rt \u2013 Kurzgesagt\u201c<a href=\"#_ftn1\" name=\"_ftnref1\">[1]<\/a> auf YouTube oder \u201eQuarks.de\u201c<a href=\"#_ftn2\" name=\"_ftnref2\">[2]<\/a> auf Instagram \u2013 als Animationsfilm erstellt. Hierzu wurde die kostenfreie Version der Animaker-App genutzt, die trotz kleiner Schwierigkeiten bei der Videoproduktion am Ende zu drei zufriedenstellenden Ergebnissen gef\u00fchrt hat.<\/p>\n<p style=\"text-align: justify;\">Das Video ist zun\u00e4chst f\u00fcr die Pr\u00e4sentation auf der Homepage erstellt worden. Leider war es aufgrund des genutzten Content-Management-Systems nicht m\u00f6glich, das Video auf der Homepage einzubetten, sodass eine Verlinkung hinter den Logos der Services und auf den Unterseiten der Services erfolgte. Im Anschluss an das Projekt sollen die Clips aber auch auf den Social Media Plattformen der Bibliothek pr\u00e4sentiert werden.<\/p>\n<p>&nbsp;<\/p>\n<p>Projektzeitraum: April 2024 \u2013 August 2024<br \/>\nProjektbetreuer*in: Prof. Dr. Inka Tappenbeck<br \/>\nKontakt: nina.grevener@smail.th-koeln.de<\/p>\n<p><a href=\"#_ftnref1\" name=\"_ftn1\">[1]<\/a> Dinge erkl\u00e4rt \u2013 Kurzgesagt: <a href=\"https:\/\/www.youtube.com\/@KurzgesagtDE\">https:\/\/www.youtube.com\/@KurzgesagtDE<\/a> (Zugriff: 19.08.2024)<\/p>\n<p><a href=\"#_ftnref2\" name=\"_ftn2\">[2]<\/a> Quarks.de: <a href=\"https:\/\/www.instagram.com\/quarks.de?igsh=M3RpZHc2MHUwY2gw\">https:\/\/www.instagram.com\/quarks.de?igsh=M3RpZHc2MHUwY2gw<\/a> (Zugriff: 19.08.2024)<\/p>\n","protected":false},"excerpt":{"rendered":"<p>von Nina Grevener Bibliotheken haben viel mehr zu bieten als B\u00fccher! Leider ist dies Nutzenden und auch potentiellen Nutzenden oft nicht bewusst. Es mangelt an Sichtbarkeit f\u00fcr die Services. So auch an der Bibliothek der Medizinischen Fakult\u00e4t Mannheim der Universit\u00e4t Heidelberg. Die Special Services der Bibliothek \u201eAuftragsrecherche\u201c, \u201eBook a MEDMA Librarian\u201c und die \u201eHausbesuche\u201c bieten Forschenden und Studierenden eine umfangreiche Unterst\u00fctzung bei ihrer wissenschaftlichen und klinischen Arbeit. Und doch sind diese Services nicht allen potentiellen Bibliotheksnutzenden bekannt.<\/p>\n","protected":false},"author":4,"featured_media":0,"comment_status":"open","ping_status":"closed","sticky":false,"template":"","format":"standard","meta":{"footnotes":""},"categories":[1],"tags":[],"ppma_author":[73],"class_list":["post-2103","post","type-post","status-publish","format-standard","hentry","category-uncategorized"],"authors":[{"term_id":73,"user_id":4,"is_guest":0,"slug":"quintas","display_name":"Laura Quintas Fasulo","avatar_url":"https:\/\/secure.gravatar.com\/avatar\/e16cacbfb3c252cc209341aeefac085b8fb384e9719603a6ee89ebe82d4121d0?s=96&d=blank&r=g","0":null,"1":"","2":"","3":"","4":"","5":"","6":"","7":"","8":""}],"_links":{"self":[{"href":"https:\/\/malisprojekte.web.th-koeln.de\/wordpress\/wp-json\/wp\/v2\/posts\/2103","targetHints":{"allow":["GET"]}}],"collection":[{"href":"https:\/\/malisprojekte.web.th-koeln.de\/wordpress\/wp-json\/wp\/v2\/posts"}],"about":[{"href":"https:\/\/malisprojekte.web.th-koeln.de\/wordpress\/wp-json\/wp\/v2\/types\/post"}],"author":[{"embeddable":true,"href":"https:\/\/malisprojekte.web.th-koeln.de\/wordpress\/wp-json\/wp\/v2\/users\/4"}],"replies":[{"embeddable":true,"href":"https:\/\/malisprojekte.web.th-koeln.de\/wordpress\/wp-json\/wp\/v2\/comments?post=2103"}],"version-history":[{"count":2,"href":"https:\/\/malisprojekte.web.th-koeln.de\/wordpress\/wp-json\/wp\/v2\/posts\/2103\/revisions"}],"predecessor-version":[{"id":2107,"href":"https:\/\/malisprojekte.web.th-koeln.de\/wordpress\/wp-json\/wp\/v2\/posts\/2103\/revisions\/2107"}],"wp:attachment":[{"href":"https:\/\/malisprojekte.web.th-koeln.de\/wordpress\/wp-json\/wp\/v2\/media?parent=2103"}],"wp:term":[{"taxonomy":"category","embeddable":true,"href":"https:\/\/malisprojekte.web.th-koeln.de\/wordpress\/wp-json\/wp\/v2\/categories?post=2103"},{"taxonomy":"post_tag","embeddable":true,"href":"https:\/\/malisprojekte.web.th-koeln.de\/wordpress\/wp-json\/wp\/v2\/tags?post=2103"},{"taxonomy":"author","embeddable":true,"href":"https:\/\/malisprojekte.web.th-koeln.de\/wordpress\/wp-json\/wp\/v2\/ppma_author?post=2103"}],"curies":[{"name":"wp","href":"https:\/\/api.w.org\/{rel}","templated":true}]}}