{"id":1970,"date":"2024-02-12T12:38:59","date_gmt":"2024-02-12T12:38:59","guid":{"rendered":"https:\/\/malisprojekte.web.th-koeln.de\/wordpress\/?p=1970"},"modified":"2024-02-12T12:38:59","modified_gmt":"2024-02-12T12:38:59","slug":"klarheit-durch-klassifikation-die-medienstelle-des-ki-setzt-auf-ddc","status":"publish","type":"post","link":"https:\/\/malisprojekte.web.th-koeln.de\/wordpress\/klarheit-durch-klassifikation-die-medienstelle-des-ki-setzt-auf-ddc\/","title":{"rendered":"Klarheit durch Klassifikation: Die Medienstelle des KI setzt auf DDC"},"content":{"rendered":"<p><strong>von Deborah Platzbecker<\/strong><\/p>\n<figure id=\"attachment_1971\" aria-describedby=\"caption-attachment-1971\" style=\"width: 664px\" class=\"wp-caption alignnone\"><a href=\"https:\/\/malisprojekte.web.th-koeln.de\/wordpress\/wp-content\/uploads\/2024\/01\/Abb.-1-Gedruckte-Ausgaben-der-Dewey-Decimal-Classification-DDC22-und-DDC23-Quelle-Stephan-Jockel.jpeg\"><img loading=\"lazy\" decoding=\"async\" class=\" wp-image-1971\" src=\"https:\/\/malisprojekte.web.th-koeln.de\/wordpress\/wp-content\/uploads\/2024\/01\/Abb.-1-Gedruckte-Ausgaben-der-Dewey-Decimal-Classification-DDC22-und-DDC23-Quelle-Stephan-Jockel-300x169.jpeg\" alt=\"\" width=\"664\" height=\"374\" srcset=\"https:\/\/malisprojekte.web.th-koeln.de\/wordpress\/wp-content\/uploads\/2024\/01\/Abb.-1-Gedruckte-Ausgaben-der-Dewey-Decimal-Classification-DDC22-und-DDC23-Quelle-Stephan-Jockel-300x169.jpeg 300w, https:\/\/malisprojekte.web.th-koeln.de\/wordpress\/wp-content\/uploads\/2024\/01\/Abb.-1-Gedruckte-Ausgaben-der-Dewey-Decimal-Classification-DDC22-und-DDC23-Quelle-Stephan-Jockel-768x432.jpeg 768w, https:\/\/malisprojekte.web.th-koeln.de\/wordpress\/wp-content\/uploads\/2024\/01\/Abb.-1-Gedruckte-Ausgaben-der-Dewey-Decimal-Classification-DDC22-und-DDC23-Quelle-Stephan-Jockel.jpeg 838w\" sizes=\"auto, (max-width: 664px) 100vw, 664px\" \/><\/a><figcaption id=\"caption-attachment-1971\" class=\"wp-caption-text\">Abbildung 1: Gedruckte Ausgaben der Dewey Decimal Classification DDC22 und DDC23 (Quelle: Stephan Jockel)<\/figcaption><\/figure>\n<p style=\"text-align: justify;\"><strong>Was tun, wenn die Haussystematik einer Spezialbibliothek nicht mehr den Anforderungen der Nutzer*innen entspricht? Wenn der Bestand an einzelnen Systemstellen immer gr\u00f6\u00dfer und das Browsen am Regal immer schwieriger wird? Wenn Themen an Relevanz verlieren und neue Themenkomplexe auftauchen? Alle diese Fragen haben zu der Entscheidung f\u00fcr eine DDC-Umsystematisierung in der Religionsp\u00e4dagogischen Medienstelle des Katechetischen Instituts (KI) Aachen gef\u00fchrt.<\/strong><\/p>\n<p><!--more--><\/p>\n<p style=\"text-align: justify;\">In der Medienstelle erfolgte die klassifikatorische Erschlie\u00dfung anhand einer hauseigenen Systematik, deren Notationen und Klassenbenennungen in Teilen der Universellen Dezimalklassifikation (UDK) und der Dewey-Dezimalklassifikation (DDC) entsprachen. Es fehlte eine vollst\u00e4ndige Standardisierung nach den Regeln eines etablierten Klassifikationssystems. Dies f\u00fchrte in der Erschlie\u00dfungspraxis zu Problemen bei der eindeutigen Zuordnung von B\u00fcchern zu einer Systemstelle ebenso wie bei der Neubildung von Systemstellen. Zugleich erschwerten einige der l\u00e4ngeren und mit Sonderzeichen gebildeten Notationen die Orientierung in der Bibliothek. Aus diesen Gr\u00fcnden wurde eine Umsystematisierung des Bibliotheksbestands in Form einer Angleichung an die Dewey-Dezimalklassifikation geplant. Zu den Vorteilen der DDC geh\u00f6ren ihre internationale Verbreitung und Anwendung, ihre stetige Weiterentwicklung und Aktualisierung und die eingeschr\u00e4nkte Verwendung von Sonderzeichen. Geplant und gesteuert wurde das Projekt mit Hilfe verschiedener Techniken aus dem Projektmanagement.<\/p>\n<p style=\"text-align: justify;\">Zun\u00e4chst wurde der Bestand hinsichtlich Gr\u00f6\u00dfe und Aufstellung systematisch evaluiert. In der anschlie\u00dfenden Analyse wurden die Notationen und Klassenbenennungen verschiedener UDK-Ausgaben denjenigen der Haussystematik tabellarisch gegen\u00fcbergestellt und hinsichtlich ihrer \u00dcbereinstimmung bewertet. Die \u00dcbereinstimmung mit der UDK lag bei 48,62%. Die \u00dcbereinstimmung mit der DDC lag nach einer Ersteinsch\u00e4tzung bei 71,1%. Der Vergleich der Haussystematik mit der DDC und die Angleichung der abweichenden Notationen erfolgte daraufhin mittels der Online-Ausgabe der DDC (<a href=\"https:\/\/deweysearchde.pansoft.de\/webdeweysearch\/executeSearch.html?lastScheduleRecord=264.01&amp;lastTableRecord=T2--0&amp;query=T1--0&amp;_showShortNotations=on&amp;catalogs=DNB&amp;_catalogs=on&amp;catalogs=GBV&amp;_catalogs=on&amp;catalogs=HeBIS&amp;_catalogs=on&amp;catalogs=SUB&amp;_catalogs=on&amp;catalogs=SWB&amp;_catalogs=on&amp;catalogs=FUB&amp;_catalogs=on\">WebDeweySearch<\/a>), des webbasierten Dekompositions-Tools <a href=\"https:\/\/coli-conc.gbv.de\/coli-ana\/\">coli-ana<\/a> und der \u00fcber das Projekt CrissCross erstellten Verlinkungen zu den Sachschlagwo\u0308rtern der GND. Zus\u00e4tzlich dazu wurden spezifische, religionsp\u00e4dagogisch ausgerichtete Regeln f\u00fcr die DDC-Angleichung aufgesetzt, um die Anzahl an Medien, die umsigniert werden m\u00fcssen, m\u00f6glichst gering zu halten. Die Analyse ergab, dass 84 von 256 Systemstellen mit insgesamt ca. 10.000 B\u00fcchern umsigniert werden m\u00fcssen.<\/p>\n<figure id=\"attachment_1972\" aria-describedby=\"caption-attachment-1972\" style=\"width: 665px\" class=\"wp-caption alignnone\"><a href=\"https:\/\/malisprojekte.web.th-koeln.de\/wordpress\/wp-content\/uploads\/2024\/01\/Abb.-2-Online-Ausgabe-der-DDC-WebDeweySearch.png\"><img loading=\"lazy\" decoding=\"async\" class=\" wp-image-1972\" src=\"https:\/\/malisprojekte.web.th-koeln.de\/wordpress\/wp-content\/uploads\/2024\/01\/Abb.-2-Online-Ausgabe-der-DDC-WebDeweySearch-300x189.png\" alt=\"\" width=\"665\" height=\"419\" srcset=\"https:\/\/malisprojekte.web.th-koeln.de\/wordpress\/wp-content\/uploads\/2024\/01\/Abb.-2-Online-Ausgabe-der-DDC-WebDeweySearch-300x189.png 300w, https:\/\/malisprojekte.web.th-koeln.de\/wordpress\/wp-content\/uploads\/2024\/01\/Abb.-2-Online-Ausgabe-der-DDC-WebDeweySearch-768x483.png 768w, https:\/\/malisprojekte.web.th-koeln.de\/wordpress\/wp-content\/uploads\/2024\/01\/Abb.-2-Online-Ausgabe-der-DDC-WebDeweySearch.png 780w\" sizes=\"auto, (max-width: 665px) 100vw, 665px\" \/><\/a><figcaption id=\"caption-attachment-1972\" class=\"wp-caption-text\">Abbildung 2: Online-Ausgabe der DDC (Quelle: OCLC Online Computer Library Center, Inc., https:\/\/deweysearchde.pansoft.de)<\/figcaption><\/figure>\n<p style=\"text-align: justify;\">Die neue DDC-Haussystematik steht den Mitarbeitenden in Form einer \u00dcbersichtstafel und den Nutzer*innen in Form entsprechender Regalbeschriftungstafeln zur Verf\u00fcgung. Um hinsichtlich der alten und neuen Systemstellen Transparenz herzustellen, wurde eine Konkordanz erstellt. Der Umsignierungszeitplan wurde auf der Basis von Echtzeitwerten berechnet, die bei der Pilot-Umsignierung einer Systemstelle gemessen wurden. Demnach sollte die vollst\u00e4ndige Umsignierung im Juni 2025 abgeschlossen sein.<\/p>\n<p>&nbsp;<\/p>\n<p>Projektzeitraum: April 2023 &#8211; August 2023<br \/>\nProjektbetreuer*in: Prof. Dr. Klaus Lepsky<br \/>\nORCiD: <a href=\"https:\/\/orcid.org\/0000-0001-8716-7994\">https:\/\/orcid.org\/0000-0001-8716-7994<\/a><\/p>\n<p style=\"text-align: justify;\">\n","protected":false},"excerpt":{"rendered":"<p>von Deborah Platzbecker Was tun, wenn die Haussystematik einer Spezialbibliothek nicht mehr den Anforderungen der Nutzer*innen entspricht? Wenn der Bestand an einzelnen Systemstellen immer gr\u00f6\u00dfer und das Browsen am Regal immer schwieriger wird? Wenn Themen an Relevanz verlieren und neue Themenkomplexe auftauchen? Alle diese Fragen haben zu der Entscheidung f\u00fcr eine DDC-Umsystematisierung in der Religionsp\u00e4dagogischen Medienstelle des Katechetischen Instituts (KI) Aachen gef\u00fchrt.<\/p>\n","protected":false},"author":3,"featured_media":0,"comment_status":"open","ping_status":"closed","sticky":false,"template":"","format":"standard","meta":{"footnotes":""},"categories":[1],"tags":[],"ppma_author":[72],"class_list":["post-1970","post","type-post","status-publish","format-standard","hentry","category-uncategorized"],"authors":[{"term_id":72,"user_id":3,"is_guest":0,"slug":"seitz","display_name":"Christian Seitz","avatar_url":"https:\/\/secure.gravatar.com\/avatar\/e1bdb5349ee9992175a4036266ff9a3b948338150a8e374e357da3eec87aea0e?s=96&d=blank&r=g","0":null,"1":"","2":"","3":"","4":"","5":"","6":"","7":"","8":""}],"_links":{"self":[{"href":"https:\/\/malisprojekte.web.th-koeln.de\/wordpress\/wp-json\/wp\/v2\/posts\/1970","targetHints":{"allow":["GET"]}}],"collection":[{"href":"https:\/\/malisprojekte.web.th-koeln.de\/wordpress\/wp-json\/wp\/v2\/posts"}],"about":[{"href":"https:\/\/malisprojekte.web.th-koeln.de\/wordpress\/wp-json\/wp\/v2\/types\/post"}],"author":[{"embeddable":true,"href":"https:\/\/malisprojekte.web.th-koeln.de\/wordpress\/wp-json\/wp\/v2\/users\/3"}],"replies":[{"embeddable":true,"href":"https:\/\/malisprojekte.web.th-koeln.de\/wordpress\/wp-json\/wp\/v2\/comments?post=1970"}],"version-history":[{"count":3,"href":"https:\/\/malisprojekte.web.th-koeln.de\/wordpress\/wp-json\/wp\/v2\/posts\/1970\/revisions"}],"predecessor-version":[{"id":2016,"href":"https:\/\/malisprojekte.web.th-koeln.de\/wordpress\/wp-json\/wp\/v2\/posts\/1970\/revisions\/2016"}],"wp:attachment":[{"href":"https:\/\/malisprojekte.web.th-koeln.de\/wordpress\/wp-json\/wp\/v2\/media?parent=1970"}],"wp:term":[{"taxonomy":"category","embeddable":true,"href":"https:\/\/malisprojekte.web.th-koeln.de\/wordpress\/wp-json\/wp\/v2\/categories?post=1970"},{"taxonomy":"post_tag","embeddable":true,"href":"https:\/\/malisprojekte.web.th-koeln.de\/wordpress\/wp-json\/wp\/v2\/tags?post=1970"},{"taxonomy":"author","embeddable":true,"href":"https:\/\/malisprojekte.web.th-koeln.de\/wordpress\/wp-json\/wp\/v2\/ppma_author?post=1970"}],"curies":[{"name":"wp","href":"https:\/\/api.w.org\/{rel}","templated":true}]}}