{"id":1,"date":"2015-05-11T05:41:57","date_gmt":"2015-05-11T05:41:57","guid":{"rendered":"http:\/\/localhost\/wordpress\/?p=1"},"modified":"2016-03-08T20:51:00","modified_gmt":"2016-03-08T20:51:00","slug":"kerstin_buerger_angebote_senioren","status":"publish","type":"post","link":"https:\/\/malisprojekte.web.th-koeln.de\/wordpress\/kerstin_buerger_angebote_senioren\/","title":{"rendered":"Zielgruppengerechte Angebote f\u00fcr Senioren in der Stadtbibliothek Bensheim"},"content":{"rendered":"<h4>von Kerstin B\u00fcrger<\/h4>\n<figure id=\"attachment_78\" aria-describedby=\"caption-attachment-78\" style=\"width: 348px\" class=\"wp-caption aligncenter\"><a href=\"http:\/\/malisprojekte.web.fh-koeln.de\/wordpress\/kerstin_buerger_angebote_senioren\/\"><img loading=\"lazy\" decoding=\"async\" class=\"wp-image-78\" src=\"https:\/\/malisprojekte.web.th-koeln.de\/wordpress\/wp-content\/uploads\/2015\/04\/Wegweiser_Ministerium-300x203.jpg\" alt=\"Wegweiser_Ministerium\" width=\"348\" height=\"235\" srcset=\"https:\/\/malisprojekte.web.th-koeln.de\/wordpress\/wp-content\/uploads\/2015\/04\/Wegweiser_Ministerium-300x203.jpg 300w, https:\/\/malisprojekte.web.th-koeln.de\/wordpress\/wp-content\/uploads\/2015\/04\/Wegweiser_Ministerium-619x418.jpg 619w, https:\/\/malisprojekte.web.th-koeln.de\/wordpress\/wp-content\/uploads\/2015\/04\/Wegweiser_Ministerium.jpg 761w\" sizes=\"auto, (max-width: 348px) 100vw, 348px\" \/><\/a><figcaption id=\"caption-attachment-78\" class=\"wp-caption-text\">BAGSO-Wegweiser durch die digitale Welt (Graphik: BAGSO)<\/figcaption><\/figure>\n<p style=\"text-align: justify;\">Der demografische Wandel und die Digitalisierung ver\u00e4ndern die Gesellschaft in einem vermutlich bisher nie dagewesenen Ma\u00dfe und stellen dadurch auch \u00f6ffentliche Bildungseinrichtungen wie Bibliotheken vor neue Herausforderungen. Gro\u00dfe Teile des gesellschaftlichen, politischen und kulturellen Lebens finden bereits heute im Netz statt. Doch gerade f\u00fcr \u00e4ltere Menschen gibt es h\u00e4ufig H\u00fcrden in der Nutzung des Internets.<\/p>\n<p style=\"text-align: justify;\">Im Rahmen eines Praxisprojekts (Projektbetreuer: Prof. Tom Becker) des berufsbegleitenden Masterstudiengangs \u201eMaster in Library and Information Science\u201c (MALIS) an der FH K\u00f6ln wurde in der Stadtbibliothek Bensheim ein Konzept f\u00fcr Angebote entwickelt, mit denen Senioren die Teilhabe am digitalen Leben erm\u00f6glicht bzw. erleichtert werden soll.<\/p>\n<p style=\"text-align: justify;\"><!--more--><\/p>\n<p style=\"text-align: justify;\">Mit der Entwicklung dieses Konzepts m\u00f6chte sich die Stadtbibliothek in Bezug auf ihre Zielgruppe und die damit verbundene Schwerpunktarbeit innerhalb der Kommune weiter positionieren. Dazu wurden verschiedene potentielle Kooperationspartner angesprochen und mit Ihnen Vernetzungsgespr\u00e4che gef\u00fchrt. Ziel war es, gemeinsame Angebotsideen zu entwickeln.<\/p>\n<p style=\"text-align: justify;\">Zuerst wurde deshalb eine Umfeldanalyse durchgef\u00fchrt, um herauszufinden, welche Angebote es in Bensheim bereits gibt und wo weiterer Handlungsbedarf besteht. Zeitgleich wurde eine eigene Rubrik f\u00fcr die Zielgruppe \u201eSenioren\u201c auf der Website der Stadtbibliothek erstellt, um diese als Werbem\u00f6glichkeit zu nutzen und als Informationsplattform zu etablieren. Als n\u00e4chster Schritt stand die Entwicklung neuer Angebotsideen f\u00fcr die Zielgruppe auf der Agenda. Nach der Recherche im Netz, Telefonaten mit anderen Bibliotheken und Gespr\u00e4chen mit Kooperationspartnern zeigte sich, dass die bereits in der ersten Projektphase in Zusammenarbeit mit den Kolleginnen gesammelten Ideen mit denen der meisten anderen Institutionen, die sich um digitale Teilhabe bem\u00fchen, \u00fcbereinstimmen (beispielsweise mit den Angeboten der \u201eDigitalen Werkstatt\u201c der Stadtbibliothek K\u00f6ln). Nach einer \u00dcberpr\u00fcfung auf Umsetzbarkeit blieben mehrere Angebotsideen \u00fcbrig, die auch kurzfristig umsetzbar waren. Im Rahmen der Vernetzungsgespr\u00e4che in Bensheim war man sich schnell einig, dass ein derartiges neues Angebot am besten und werbewirksamsten in einer Veranstaltungsreihe durchgef\u00fchrt wird. Dazu bot sich die Internetwoche der Bundesarbeitsgemeinschaft der Senioren-Organisationen (BAGSO) an, die im Jahr 2014 vom 29. Oktober bis 4. November unter dem Motto &#8222;Mit Internet das Alter gestalten!&#8220; stattfand. In einer ersten Umsetzung des Konzeptes im Herbst 2014 konnten die folgenden Angebote realisiert werden.<\/p>\n<p style=\"text-align: justify;\"><strong><em>Onleihe &#8211; und E-Reader-Schulung<\/em><\/strong><\/p>\n<p style=\"text-align: justify;\">Die Stadtbibliothek ist Mitglied des Onleiheverbundes Hessen und bietet damit E-Books an. Diese haben den Vorteil, dass sich die Schriftgr\u00f6\u00dfe individuell einstellen l\u00e4sst. Au\u00dferdem sind die E-Book-Reader deutlich leichter als ein Buch (egal ob festgebunden oder Taschenbuch) und das Titelangebot ist deutlich h\u00f6her als das gedruckter Gro\u00dfdruckb\u00fccher. Zus\u00e4tzlich bietet die Stadtbibliothek auch E-Book-Reader zur Ausleihe und zum Ausprobieren an. Bei Problemen mit der Bedienung hilft das Personal, zudem erhalten die Nutzer in der Bibliothek die Brosch\u00fcre \u201eeBooks \u2013 ein Ratgeber f\u00fcr Einsteiger\u201c, die neben der gedruckten Version auch als PDF online verlinkt ist. Da die Nachfrage an einer nichtkommerziellen Beratung sehr gro\u00df ist, sollte dieses Angebot, auch im Hinblick auf die Zielgruppe der Senioren, weiter ausgebaut werden. Zwei Schulungen konnten w\u00e4hrend der Internetwoche in Kooperation mit der VHS Bensheim realisiert werden.<\/p>\n<p style=\"text-align: justify;\"><strong><em>Bibliotheksf\u00fchrungen und Schulungen<\/em><\/strong><\/p>\n<p style=\"text-align: justify;\">Seit der Projektumsetzung bietet die Stadtbibliothek Bibliotheksf\u00fchrungen nicht nur &#8211; wie bisher &#8211; f\u00fcr Kinder und Jugendliche an, sondern auch f\u00fcr Erwachsene mit Schwerpunkt Senioren. Im Rahmen des Projekts wurde eine Kooperation mit dem \u201eOffenen Computerkurs\u201c des Mehrgenerationenhauses vereinbart. In einer \u201eAu\u00dferhausschulung\u201c konnte dort das digitale Angebot der Bibliothek, wie Website, Web-OPAC und Onleihe inklusive einiger Recherchestrategien erl\u00e4utert werden.<\/p>\n<p style=\"text-align: justify;\"><strong><em>Vortr\u00e4ge und Kurse<\/em><\/strong><\/p>\n<p style=\"text-align: justify;\">F\u00fcr die Angebote, die w\u00e4hrend der BAGSO-Internetwoche geplant waren, stand ein kleiner Veranstaltungsetat zur Verf\u00fcgung. So konnten zwei Referenten eingeladen werden. Der Vortrag einer Dozentin der Hessischen Verbraucherzentrale befasste sich mit dem Thema \u201eDaten- und Internetsicherheit\u201c. In einem zweiten Vortrag erl\u00e4uterte ein Dozent des Wikimedia-Teams die Wikipedia. Beide Kurse fanden in den R\u00e4umen der Bibliothek am Nachmittag statt.<\/p>\n<p style=\"text-align: justify;\"><strong><em>Interessenkreis \u201eAktiv \u00e4lter werden\u201c<\/em><\/strong><\/p>\n<p style=\"text-align: justify;\">Bereits vor der Konzeption des Projekts f\u00fcr Senioren hatte die Stadtbibliothek ein auf die Zielgruppe zugeschnittenes Bestandsangebot (Gro\u00dfdruckb\u00fccher, Sachliteratur). Im Rahmen des Projekts wurde der Bestand besonders um Computerb\u00fccher f\u00fcr Senioren erweitert. Die Medien werden nun durch den Interessenkreis \u201eAktiv \u00e4lter werden\u201c besonders gekennzeichnet und eine Liste liegt an verschiedenen zielgruppenspezifischen Orten aus bzw. als ist PDF zum Download auf der Webseite hinterlegt.<\/p>\n<p style=\"text-align: justify;\"><strong><em>Ausstellungen und Informationsmaterial<\/em><\/strong><\/p>\n<figure id=\"attachment_58\" aria-describedby=\"caption-attachment-58\" style=\"width: 300px\" class=\"wp-caption alignnone\"><a href=\"https:\/\/malisprojekte.web.th-koeln.de\/wordpress\/wp-content\/uploads\/2015\/04\/Ausstellung1.jpg\"><img loading=\"lazy\" decoding=\"async\" class=\"wp-image-58 size-medium\" src=\"https:\/\/malisprojekte.web.th-koeln.de\/wordpress\/wp-content\/uploads\/2015\/04\/Ausstellung1-300x225.jpg\" alt=\"Ausstellung(1)\" width=\"300\" height=\"225\" srcset=\"https:\/\/malisprojekte.web.th-koeln.de\/wordpress\/wp-content\/uploads\/2015\/04\/Ausstellung1-300x225.jpg 300w, https:\/\/malisprojekte.web.th-koeln.de\/wordpress\/wp-content\/uploads\/2015\/04\/Ausstellung1.jpg 520w\" sizes=\"auto, (max-width: 300px) 100vw, 300px\" \/><\/a><figcaption id=\"caption-attachment-58\" class=\"wp-caption-text\">Teaser-Ausstellung zur BAGSO-Internetwoche in der Stadtbibliothek Bensheim (Foto: Stadtbibliothek)<\/figcaption><\/figure>\n<p style=\"text-align: justify;\">Um besonders den Internetneulingen gerecht zu werden und das Angebot niedrigschwellig zu halten, ist es sinnvoll auf den klassischen Wegen mit Flyern und \u00fcber die \u00f6rtliche Presse zu informieren. Unter dem Titel \u201eAktiv \u00e4lter werden\u201c wurde ein Handzettel erstellt, der auf das vielf\u00e4ltige Angebot der Bibliothek aufmerksam macht:<\/p>\n<p style=\"text-align: left; padding-left: 90px;\">[slideshow_deploy id=&#8217;169&#8242;]<\/p>\n<p style=\"text-align: justify;\">Dieser Flyer liegt an verschiedenen Stellen wie Generationentreff, Rathaus und bei den Kooperationspartnern aus.<\/p>\n<p style=\"text-align: justify;\">Die Veranstaltungen der BAGSO-Internetwoche wurden auf der dortigen Homepage ver\u00f6ffentlicht und au\u00dferdem durch eigens erstellte Handzettel der Kooperationspartner beworben.<\/p>\n<p style=\"text-align: justify;\">Um auf die Medien und das Thema aufmerksam zu machen, wurden bereits in den Sommermonaten 2014 und dann auch vor und w\u00e4hrend der BAGSO-Internetwoche Ausstellungen in der Bibliothek konzipiert. Hier wurden neben den Medien der Bibliothek auch die Brosch\u00fcre \u201e<span style=\"color: #0000ff;\"><a style=\"color: #0000ff;\" href=\"http:\/\/www.bagso.de\/fileadmin\/Aktuell\/Wegweiser\/rz_bagso_digitaler_wegweiser_84_seiter_einzelseiten_web.pdf\">Wegweiser durch die digitale Welt \u2013 f\u00fcr \u00e4ltere B\u00fcrgerinnen und B\u00fcrger<\/a><\/span>\u201c der BAGSO, zur Verf\u00fcgung gestellt. Diese Brosch\u00fcre erl\u00e4utert einfach und \u00fcbersichtlich, welche Vorteile die Nutzung des Internets bringen kann.<\/p>\n<p style=\"text-align: justify;\">Ein kleiner Presseartikel wurde zu der Vorabausstellung \u201eAktiv \u00e4lter werden\u201c Ende Juli in der \u00f6rtlichen Zeitung abgedruckt, auch ein im Rahmen des MALIS-Projektes verfasster Pressetext wurde am 8. August 2014 im Bergstr\u00e4\u00dfer Anzeiger ver\u00f6ffentlicht.<\/p>\n<p style=\"text-align: justify;\">\u201eDigitale Teilhabe\u201c ist ein wichtiges Thema in unserer Zeit, mit dem sich gerade \u00d6ffentliche Bibliotheken besch\u00e4ftigen sollten. Allein die gro\u00dfe Nachfrage nach der im Rahmen des Projektes besorgten Brosch\u00fcre \u201eWegweiser durch die digitale Welt\u201c zeigt die Bedeutung des Themas f\u00fcr die Zielgruppe. Die neue Kampagne des DBV \u201eNetzwerk Bibliothek\u201c mit dem Motto \u201eBibliothek digital?\u201c l\u00e4sst hoffen, dass dadurch die \u201edigitale Partizipation\u201c eine noch gr\u00f6\u00dfere Aufmerksamkeit erreicht.<\/p>\n<p style=\"text-align: justify;\"><a href=\"https:\/\/malisprojekte.web.th-koeln.de\/wordpress\/kerstin-buerger\/\">Autorenprofil<\/a><\/p>\n<p><strong>Publikation:<\/strong><\/p>\n<p>Kerstin B\u00fcrger: \u201cDigitale Teilhabe\u201d \u2013 Veranstaltungen f\u00fcr \u00c4ltere in der Stadtbibliothek Bensheim<br \/>\nin: BuB 67, 2015, H. 4, S. 189-191<\/p>\n","protected":false},"excerpt":{"rendered":"<p>von Kerstin B\u00fcrger Der demografische Wandel und die Digitalisierung ver\u00e4ndern die Gesellschaft in einem vermutlich bisher nie dagewesenen Ma\u00dfe und stellen dadurch auch \u00f6ffentliche Bildungseinrichtungen wie Bibliotheken vor neue Herausforderungen. Gro\u00dfe Teile des gesellschaftlichen, politischen und kulturellen Lebens finden bereits heute im Netz statt. Doch gerade f\u00fcr \u00e4ltere Menschen gibt es h\u00e4ufig H\u00fcrden in der Nutzung des Internets. Im Rahmen eines Praxisprojekts (Projektbetreuer: Prof. Tom Becker) des berufsbegleitenden Masterstudiengangs \u201eMaster in Library and Information Science\u201c (MALIS) an der FH K\u00f6ln wurde in der Stadtbibliothek Bensheim ein Konzept f\u00fcr Angebote entwickelt, mit denen Senioren die Teilhabe am digitalen Leben erm\u00f6glicht bzw. erleichtert werden soll.<\/p>\n","protected":false},"author":1,"featured_media":0,"comment_status":"open","ping_status":"closed","sticky":false,"template":"","format":"standard","meta":{"footnotes":""},"categories":[1],"tags":[14,12,11,13],"ppma_author":[74],"class_list":["post-1","post","type-post","status-publish","format-standard","hentry","category-uncategorized","tag-digitale-gesellschaft","tag-digitale-teilhabe","tag-senioren","tag-zielgruppenarbeit"],"authors":[{"term_id":74,"user_id":1,"is_guest":0,"slug":"dorotheehofferberth_mp1kr1mf","display_name":"admin","avatar_url":"https:\/\/secure.gravatar.com\/avatar\/862479b782e1645f289a7c44dffa4aae19e8ecad3f5f88b8de166de7bce289a0?s=96&d=blank&r=g","0":null,"1":"","2":"","3":"","4":"","5":"","6":"","7":"","8":""}],"_links":{"self":[{"href":"https:\/\/malisprojekte.web.th-koeln.de\/wordpress\/wp-json\/wp\/v2\/posts\/1","targetHints":{"allow":["GET"]}}],"collection":[{"href":"https:\/\/malisprojekte.web.th-koeln.de\/wordpress\/wp-json\/wp\/v2\/posts"}],"about":[{"href":"https:\/\/malisprojekte.web.th-koeln.de\/wordpress\/wp-json\/wp\/v2\/types\/post"}],"author":[{"embeddable":true,"href":"https:\/\/malisprojekte.web.th-koeln.de\/wordpress\/wp-json\/wp\/v2\/users\/1"}],"replies":[{"embeddable":true,"href":"https:\/\/malisprojekte.web.th-koeln.de\/wordpress\/wp-json\/wp\/v2\/comments?post=1"}],"version-history":[{"count":44,"href":"https:\/\/malisprojekte.web.th-koeln.de\/wordpress\/wp-json\/wp\/v2\/posts\/1\/revisions"}],"predecessor-version":[{"id":557,"href":"https:\/\/malisprojekte.web.th-koeln.de\/wordpress\/wp-json\/wp\/v2\/posts\/1\/revisions\/557"}],"wp:attachment":[{"href":"https:\/\/malisprojekte.web.th-koeln.de\/wordpress\/wp-json\/wp\/v2\/media?parent=1"}],"wp:term":[{"taxonomy":"category","embeddable":true,"href":"https:\/\/malisprojekte.web.th-koeln.de\/wordpress\/wp-json\/wp\/v2\/categories?post=1"},{"taxonomy":"post_tag","embeddable":true,"href":"https:\/\/malisprojekte.web.th-koeln.de\/wordpress\/wp-json\/wp\/v2\/tags?post=1"},{"taxonomy":"author","embeddable":true,"href":"https:\/\/malisprojekte.web.th-koeln.de\/wordpress\/wp-json\/wp\/v2\/ppma_author?post=1"}],"curies":[{"name":"wp","href":"https:\/\/api.w.org\/{rel}","templated":true}]}}